[{"@context":"https:\/\/schema.org\/","@type":"Article","@id":"https:\/\/www.pevac.cz\/jak-kombinovat-obleceni\/#Article","mainEntityOfPage":"https:\/\/www.pevac.cz\/jak-kombinovat-obleceni\/","headline":"Jak kombinovat oble\u010den\u00ed","name":"Jak kombinovat oble\u010den\u00ed","description":"Kdy\u017e se n\u011bkoho zept\u00e1te, co je dobr\u00e9 nosit http:\/\/www.johnstones.cz\/36-vyber_barevneho_odstinu , odpov\u00ed v\u00e1m to, co nos\u00ed on s\u00e1m, pokud se samoz\u0159ejm\u011b nezept\u00e1te n\u011bjak\u00e9ho m\u00f3dn\u00edho guru, kter\u00fd zkr\u00e1tka v\u00ed p\u0159esn\u011b, co je zrovna v danou chv\u00edli trendy, ale ten v\u00e1m na ot\u00e1zku odpov\u00ed tak\u00e9 podle sebe a podle toho, co se mu l\u00edb\u00ed. Kdy\u017e se ale zept\u00e1te [&hellip;]","datePublished":"2022-12-24","dateModified":"2023-09-13","author":{"@type":"Person","@id":"https:\/\/www.pevac.cz\/author\/devene\/#Person","name":"devene","url":"https:\/\/www.pevac.cz\/author\/devene\/","identifier":1,"image":{"@type":"ImageObject","@id":"https:\/\/secure.gravatar.com\/avatar\/7b822bed19dfbc78d1cf42b3649cc2489d12c54b7aef64ae719c01ed9f13d563?s=96&d=mm&r=g","url":"https:\/\/secure.gravatar.com\/avatar\/7b822bed19dfbc78d1cf42b3649cc2489d12c54b7aef64ae719c01ed9f13d563?s=96&d=mm&r=g","height":96,"width":96}},"publisher":{"@type":"Organization","name":"pevac.cz","logo":{"@type":"ImageObject","@id":"\/logo.png","url":"\/logo.png","width":600,"height":60}},"image":{"@type":"ImageObject","@id":"https:\/\/www.pevac.cz\/wp-content\/uploads\/hangers-1850082__340%20(1).jpg","url":"https:\/\/www.pevac.cz\/wp-content\/uploads\/hangers-1850082__340%20(1).jpg","height":0,"width":0},"url":"https:\/\/www.pevac.cz\/jak-kombinovat-obleceni\/","about":["Nakupov\u00e1n\u00ed"],"wordCount":447,"articleBody":"           Kdy\u017e se n\u011bkoho zept\u00e1te, co je dobr\u00e9 nosit http:\/\/www.johnstones.cz\/36-vyber_barevneho_odstinu , odpov\u00ed v\u00e1m to, co nos\u00ed on s\u00e1m, pokud se samoz\u0159ejm\u011b nezept\u00e1te n\u011bjak\u00e9ho m\u00f3dn\u00edho guru, kter\u00fd zkr\u00e1tka v\u00ed p\u0159esn\u011b, co je zrovna v danou chv\u00edli trendy, ale ten v\u00e1m na ot\u00e1zku odpov\u00ed tak\u00e9 podle sebe a podle toho, co se mu l\u00edb\u00ed. Kdy\u017e se ale zept\u00e1te oby\u010dejn\u00e9ho \u010dlov\u011bka na to, co se nos\u00ed, tak v\u00e1m v\u011bt\u0161inou ani moc neodpov\u00ed a nev\u00ed, co se vlastn\u011b v tuhle dobu nos\u00ed, proto\u017ee v\u0161e, co v\u0161ichni nos\u00edme je pro n\u00e1s v\u0161echny tak norm\u00e1ln\u00ed, \u017ee to ani nebereme jako n\u011bco, co se nos\u00ed a co je m\u00f3dn\u00ed. Takov\u00e9 v\u011bci tedy pro n\u00e1s ani tak nejsou trendy a bereme je norm\u00e1ln\u011b, p\u0159itom aby byla v\u011bc trendy je pot\u0159eba ji nosit, ale to nejen jeden \u010dlov\u011bk, ale je pot\u0159eba, aby ji nosilo v\u00edce lid\u00ed, pak se samoz\u0159ejm\u011b stane trendy. Ale t\u00edm, \u017ee my tyhle v\u011bci vn\u00edm\u00e1me norm\u00e1ln\u011b, nebereme je jako trendy, ale p\u0159itom in jsou. Jsou to nap\u0159\u00edklad skinny d\u017e\u00edny, kter\u00e9 nos\u00edme naprosto v\u0161ichni, ale nep\u0159ijdou n\u00e1m jako nic m\u00f3dn\u00edho. P\u0159ijdou n\u00e1m naprosto norm\u00e1ln\u00ed a nejsou pro n\u00e1s v ni\u010dem speci\u00e1ln\u00ed, p\u0159itom jsou vlastn\u011b in, nikoho to ale nenapadne. Je tedy v dne\u0161n\u00ed dob\u011b v\u016fbec mo\u017en\u00e9 vypadat trendy? Podle \u010deho se m\u00e1me \u0159\u00eddit? Jako prvn\u00ed je t\u0159eba si uv\u011bdomit, \u017ee ka\u017ed\u00e9mu slu\u0161\u00ed naprosto n\u011bco jin\u00e9ho a m\u011bli bychom nosit to, co n\u00e1m slu\u0161\u00ed, nem\u011bli bychom se tedy \u0159\u00eddit podle n\u011bkoho jin\u00e9ho. Zkr\u00e1tka oble\u010den\u00ed, kter\u00e9 n\u00e1m neslu\u0161\u00ed zaho\u010fte, i kdy\u017e se tedy jedn\u00e1 o skinny d\u017e\u00edny a rad\u011bji to vym\u011b\u0148te klidn\u011b i za kalhoty ze semi\u0161e, kter\u00e9 m\u00e1lokomu slu\u0161\u00ed. Dal\u0161\u00ed v\u011bc\u00ed je to, \u017ee byste m\u011bli dodr\u017eet pohodl\u00ed \u2013 nenoste nic, co v\u00e1m nen\u00ed osobn\u011b p\u0159\u00edjemn\u00e9 a sna\u017ete se vyhled\u00e1vat pouze pohodln\u00e9 kousky, ve kter\u00fdch vydr\u017e\u00edte cel\u00fd den v po\u0159\u00e1dku a nebudete ve stresu. Dal\u0161\u00ed v\u011bc\u00ed jsou barvy \u2013 nekombinujte moc vzory, ale barvy klidn\u011b m\u016f\u017eete. Nebojte se barevn\u00e9ho oble\u010den\u00ed, budete p\u016fsobit rozz\u00e1\u0159en\u011b a lidem se to l\u00edb\u00ed, je to lep\u0161\u00ed ne\u017e \u010dern\u00e1, kterou v\u0161ichni skoro nos\u00ed. V\u016fbec se barev nebojte a tak\u00e9 se nebojte st\u0159ih\u016f.                                                                                                                                                                                                                                                                                                                                                                                                  "},{"@context":"https:\/\/schema.org\/","@type":"BreadcrumbList","itemListElement":[{"@type":"ListItem","position":1,"name":"Jak kombinovat oble\u010den\u00ed","item":"https:\/\/www.pevac.cz\/jak-kombinovat-obleceni\/#breadcrumbitem"}]}]