[{"@context":"https:\/\/schema.org\/","@type":"Article","@id":"https:\/\/www.pevac.cz\/nase-politika\/#Article","mainEntityOfPage":"https:\/\/www.pevac.cz\/nase-politika\/","headline":"Na\u0161e politika","name":"Na\u0161e politika","description":"Je opravdu mnoho lid\u00ed, kte\u0159\u00ed se zaj\u00edmaj\u00ed o politiku. Ale nemus\u00ed to b\u00fdt politika, jakou t\u0159eba v\u00edd\u00e1te v televizi. Proto\u017ee je opravdu mnoho zp\u016fsob\u016f, jak se \u010dlov\u011bk m\u016f\u017ee zaj\u00edmat o politiku. Abych pravdu \u0159ekla, tak j\u00e1 jsem v\u017edycky byla takov\u00e1, \u017ee m\u011b politika moc nezaj\u00edmala. Jenom\u017ee kdy\u017e mi bylo potom asi osmn\u00e1ct anebo mo\u017en\u00e1 i [&hellip;]","datePublished":"2023-02-28","dateModified":"2023-07-28","author":{"@type":"Person","@id":"https:\/\/www.pevac.cz\/author\/devene\/#Person","name":"devene","url":"https:\/\/www.pevac.cz\/author\/devene\/","identifier":1,"image":{"@type":"ImageObject","@id":"https:\/\/secure.gravatar.com\/avatar\/7b822bed19dfbc78d1cf42b3649cc2489d12c54b7aef64ae719c01ed9f13d563?s=96&d=mm&r=g","url":"https:\/\/secure.gravatar.com\/avatar\/7b822bed19dfbc78d1cf42b3649cc2489d12c54b7aef64ae719c01ed9f13d563?s=96&d=mm&r=g","height":96,"width":96}},"publisher":{"@type":"Organization","name":"pevac.cz","logo":{"@type":"ImageObject","@id":"\/logo.png","url":"\/logo.png","width":600,"height":60}},"image":{"@type":"ImageObject","@id":"https:\/\/www.pevac.cz\/wp-content\/uploads\/people-2603521_1280_1.jpg","url":"https:\/\/www.pevac.cz\/wp-content\/uploads\/people-2603521_1280_1.jpg","height":0,"width":0},"url":"https:\/\/www.pevac.cz\/nase-politika\/","about":["Politika"],"wordCount":394,"articleBody":"Je opravdu mnoho lid\u00ed, kte\u0159\u00ed se zaj\u00edmaj\u00ed o politiku. Ale nemus\u00ed to b\u00fdt politika, jakou t\u0159eba v\u00edd\u00e1te v televizi. Proto\u017ee je opravdu mnoho zp\u016fsob\u016f, jak se \u010dlov\u011bk m\u016f\u017ee zaj\u00edmat o politiku. Abych pravdu \u0159ekla, tak j\u00e1 jsem v\u017edycky byla takov\u00e1, \u017ee m\u011b politika moc nezaj\u00edmala. Jenom\u017ee kdy\u017e mi bylo potom asi osmn\u00e1ct anebo mo\u017en\u00e1 i devaten\u00e1ct let, tak jsem se o politiku za\u010dala zaj\u00edmat. Ani nev\u00edm, \u010d\u00edm to bylo nebo pro\u010d se to stalo, ale z ni\u010deho nic m\u011b za\u010dala bavit. Abych se p\u0159iznala, tak docela m\u011b to zarazilo, pro\u010d zrovna m\u011b tak chytla bavit politika. V\u017edycky jsem k tomu byla takov\u00e1 uzav\u0159en\u00e1 a laxn\u00ed, \u017ee m\u011b to v\u016fbec nezaj\u00edmalo.Jenom\u017ee kdy\u017e mi potom moje maminka jednoho dne \u0159ekla, \u017ee politika je tak\u00e9 na\u0161e budoucnost, \u017ee na\u0161e politika n\u00e1m vlastn\u011b vytv\u00e1\u0159\u00ed na\u0161i republiku, tak jsem si \u0159ekla, \u017ee by bylo asi nejlep\u0161\u00ed, kdybych j\u00e1 si n\u011bco o politice v\u00edce zjistila. T\u0159eba to bude zaj\u00edmav\u00e9! Moje maminka mi tedy poradila, bych se pod\u00edvala na r\u016fzn\u00e9 webov\u00e9 str\u00e1nky nebo tak\u00e9 do \u010dasopis\u016f. Anebo si po\u0159\u00eddila n\u011bjak\u00e9 knihy, kde jsou pr\u00e1v\u011b r\u016fzn\u00e9 informace o tom, co je to politika anebo pro\u010d politika v\u016fbec je. A neznamen\u00e1 to, \u017ee kdy\u017e je politika, \u017ee je to jenom v na\u0161\u00ed \u010cesk\u00e9 republice. Politika je vlastn\u011b takov\u00e1 celosv\u011btov\u00e1.Opravdu nen\u00ed m\u00edsto na na\u0161\u00ed planet\u011b, kde by nem\u011bla moc a s\u00edlu politika. Samoz\u0159ejm\u011b, \u017ee jsou i kr\u00e1lovstv\u00ed, ale politika je \u00fapln\u011b v\u0161ude siln\u011b roz\u0161\u00ed\u0159en\u00e1. A tak mus\u00edm uznat, \u017ee jsem byla chv\u00edli docela v rozpac\u00edch, kdy\u017e jsem se dozv\u011bd\u011bla r\u016fzn\u00e1 fakta o politice. Mus\u00edm \u0159\u00edct, \u017ee jsem si politiku p\u0159edstavovala \u00fapln\u011b jinak, jenom\u017ee politika je \u00fapln\u011b z jin\u00e9ho soudku, ne\u017e jsem m\u011bla na mysli. Ale to nevad\u00ed, proto\u017ee v\u0161echno se r\u016fzn\u00ed, a tak beru politiku takovou, jak\u00e1 je. I kdy\u017e bych samoz\u0159ejm\u011b cht\u011bla, aby se tak\u00e9 n\u011bco zm\u011bnilo, ale kdo zm\u011bn\u00ed sv\u011bt? V jednom \u010dlov\u011bku to rozhodn\u011b nejde. Uvid\u00edme, jak se bude politika vyv\u00edjet p\u0159\u00ed\u0161t\u00ed l\u00e9ta.\u00a0                                                                                                                                                                                                                                                                                                                                                                                                "},{"@context":"https:\/\/schema.org\/","@type":"BreadcrumbList","itemListElement":[{"@type":"ListItem","position":1,"name":"Na\u0161e politika","item":"https:\/\/www.pevac.cz\/nase-politika\/#breadcrumbitem"}]}]