[{"@context":"https:\/\/schema.org\/","@type":"Article","@id":"https:\/\/www.pevac.cz\/nfra-sauna\/#Article","mainEntityOfPage":"https:\/\/www.pevac.cz\/nfra-sauna\/","headline":"nfra sauna","name":"nfra sauna","description":"T\u011b\u0161\u00edme se na v\u00e1s ve sporthotelu Kurzovn\u00ed v Jesen\u00edk\u00e1ch. N\u00e1\u0161 hotel je situov\u00e1n v n\u00e1rodn\u00ed p\u0159\u00edrodn\u00ed rezervaci Prad\u011bd v chr\u00e1n\u011bn\u00e9 krajinn\u00e9 oblasti Jesen\u00edky. Kdo m\u00e1 r\u00e1d hory a p\u011b\u0161\u00ed turistiku, bude se u n\u00e1s c\u00edtit jako v r\u00e1ji. Okoln\u00ed p\u0159\u00edroda a kvalitn\u00ed slu\u017eby v hotelu stoj\u00ed p\u0159ece zato. Douf\u00e1me, \u017ee n\u00e1s nezklamete a kontaktujete n\u00e1s. [&hellip;]","datePublished":"2025-04-25","dateModified":"2025-04-25","author":{"@type":"Person","@id":"https:\/\/www.pevac.cz\/author\/devene\/#Person","name":"devene","url":"https:\/\/www.pevac.cz\/author\/devene\/","identifier":1,"image":{"@type":"ImageObject","@id":"https:\/\/secure.gravatar.com\/avatar\/7b822bed19dfbc78d1cf42b3649cc2489d12c54b7aef64ae719c01ed9f13d563?s=96&d=mm&r=g","url":"https:\/\/secure.gravatar.com\/avatar\/7b822bed19dfbc78d1cf42b3649cc2489d12c54b7aef64ae719c01ed9f13d563?s=96&d=mm&r=g","height":96,"width":96}},"publisher":{"@type":"Organization","name":"pevac.cz","logo":{"@type":"ImageObject","@id":"\/logo.png","url":"\/logo.png","width":600,"height":60}},"url":"https:\/\/www.pevac.cz\/nfra-sauna\/","wordCount":188,"articleBody":"T\u011b\u0161\u00edme se na v\u00e1s ve sporthotelu Kurzovn\u00ed v Jesen\u00edk\u00e1ch. N\u00e1\u0161 hotel je situov\u00e1n v n\u00e1rodn\u00ed p\u0159\u00edrodn\u00ed rezervaci Prad\u011bd v chr\u00e1n\u011bn\u00e9 krajinn\u00e9 oblasti Jesen\u00edky. Kdo m\u00e1 r\u00e1d hory a p\u011b\u0161\u00ed turistiku, bude se u n\u00e1s c\u00edtit jako v r\u00e1ji. Okoln\u00ed p\u0159\u00edroda a kvalitn\u00ed slu\u017eby v hotelu stoj\u00ed p\u0159ece zato. Douf\u00e1me, \u017ee n\u00e1s nezklamete a kontaktujete n\u00e1s. Ubytov\u00e1n\u00ed Prad\u011bd se na v\u00e1s t\u011b\u0161\u00ed. Organizujete firemn\u00ed \u0161kolen\u00ed pro sv\u00e9 zam\u011bstnance? Zkuste to u n\u00e1s. M\u00e1me odpov\u00eddaj\u00edc\u00ed prostory pro takov\u00e9 akce. Jist\u011b v\u00e1s nezklameme. V\u0161em se u n\u00e1s bude moc l\u00edbit. Okoln\u00ed p\u0159\u00edroda a kvalitn\u00ed slu\u017eby budou slou\u017eit v\u0161em. V\u0161echno budete m\u00edt pro sv\u00e9 \u0161kolen\u00ed p\u0159ipraveno, m\u00e1me mil\u00fd a vst\u0159\u00edcn\u00fd person\u00e1l, kter\u00fd v\u00e1s nezklame. Ubytov\u00e1n\u00ed Prad\u011bd na v\u00e1s \u010dek\u00e1. P\u011b\u0161\u00ed turistika P\u0159i pobytu v Jesen\u00edk\u00e1ch se m\u00e1te mo\u017enost v\u011bnovat hlavn\u011b p\u011b\u0161\u00ed turistice. Ubytov\u00e1n\u00ed Prad\u011bd v\u00e1s nezklame.                                                                                                                                                                                                                                                                                                                                                                                                "},{"@context":"https:\/\/schema.org\/","@type":"BreadcrumbList","itemListElement":[{"@type":"ListItem","position":1,"name":"nfra sauna","item":"https:\/\/www.pevac.cz\/nfra-sauna\/#breadcrumbitem"}]}]