[{"@context":"https:\/\/schema.org\/","@type":"Article","@id":"https:\/\/www.pevac.cz\/nova-kuchyne\/#Article","mainEntityOfPage":"https:\/\/www.pevac.cz\/nova-kuchyne\/","headline":"Nov\u00e1 kuchyn\u011b","name":"Nov\u00e1 kuchyn\u011b","description":"Je to u\u017e opravdu hodn\u011b dlouho, kdy\u017e jsme se s partnerem u\u017e kone\u010dn\u011b rozhodli, \u017ee budeme rekonstruovat ob\u00fdvac\u00ed pokoj a tak\u00e9 kuchy\u0148. Jenom\u017ee jsme st\u00e1le nem\u011bli v\u016fbec \u017e\u00e1dn\u00fd n\u00e1pad, jak by na\u0161e kuchy\u0148 anebo jak by n\u00e1\u0161 ob\u00fdv\u00e1k m\u011bl vypadat. A tak jsme si sedli k po\u010d\u00edta\u010di a koukali jsme se na r\u016fzn\u00e9 fotografie v\u0161ech [&hellip;]","datePublished":"2024-10-26","dateModified":"2024-10-26","author":{"@type":"Person","@id":"https:\/\/www.pevac.cz\/author\/devene\/#Person","name":"devene","url":"https:\/\/www.pevac.cz\/author\/devene\/","identifier":1,"image":{"@type":"ImageObject","@id":"https:\/\/secure.gravatar.com\/avatar\/7b822bed19dfbc78d1cf42b3649cc2489d12c54b7aef64ae719c01ed9f13d563?s=96&d=mm&r=g","url":"https:\/\/secure.gravatar.com\/avatar\/7b822bed19dfbc78d1cf42b3649cc2489d12c54b7aef64ae719c01ed9f13d563?s=96&d=mm&r=g","height":96,"width":96}},"publisher":{"@type":"Organization","name":"pevac.cz","logo":{"@type":"ImageObject","@id":"\/logo.png","url":"\/logo.png","width":600,"height":60}},"image":{"@type":"ImageObject","@id":"https:\/\/www.pevac.cz\/wp-content\/uploads\/architecture-1171462_960_720_1.jpg","url":"https:\/\/www.pevac.cz\/wp-content\/uploads\/architecture-1171462_960_720_1.jpg","height":0,"width":0},"url":"https:\/\/www.pevac.cz\/nova-kuchyne\/","about":["Nakupov\u00e1n\u00ed"],"wordCount":412,"articleBody":"      Je to u\u017e opravdu hodn\u011b dlouho, kdy\u017e jsme se s partnerem u\u017e kone\u010dn\u011b rozhodli, \u017ee budeme rekonstruovat ob\u00fdvac\u00ed pokoj a tak\u00e9 kuchy\u0148. Jenom\u017ee jsme st\u00e1le nem\u011bli v\u016fbec \u017e\u00e1dn\u00fd n\u00e1pad, jak by na\u0161e kuchy\u0148 anebo jak by n\u00e1\u0161 ob\u00fdv\u00e1k m\u011bl vypadat. A tak jsme si sedli k po\u010d\u00edta\u010di a koukali jsme se na r\u016fzn\u00e9 fotografie v\u0161ech kr\u00e1sn\u00fdch kuchyn\u00ed. Cht\u011bli jsme n\u011bjakou kr\u00e1snou modern\u00ed kuchy\u0148. Modern\u00ed kuchyni https:\/\/www.glanckuchyne.cz\/cs\/m-151-moderni-kuchyne-na-miru by cht\u011bl asi ka\u017ed\u00fd. Nebo se m\u00fdl\u00edm?Podle m\u00e9ho n\u00e1zoru, kdy\u017e se zept\u00e1te t\u0159eba n\u011bjak\u00e9 hospody\u0148ky anebo hospod\u00e1\u0159e, jak\u00e1 by se mu l\u00edbila kuchy\u0148, tak ve v\u011bt\u0161in\u011b p\u0159\u00edpad\u016f ka\u017ed\u00fd \u0159ekne, \u017ee by cht\u011bl m\u00edt opravdu kr\u00e1snou modern\u00ed kuchy\u0148. Na internetu jsou r\u016fzn\u00e9 webov\u00e9 str\u00e1nky anebo odkazy, kde vy se vlastn\u011b m\u016f\u017eete pod\u00edvat a pokochat r\u016fzn\u00fdmi obr\u00e1zky modern\u00edch kuchyn\u00ed a tak podobn\u011b. Mn\u011b se l\u00edb\u00ed takov\u00e9 kuchyn\u011b, kde jsou vestav\u011bn\u00e9 spot\u0159ebi\u010de a vestav\u011bn\u00e9 sk\u0159\u00edn\u011b. Podle m\u00e9ho n\u00e1zoru je to takov\u00e9 opravdu hodn\u011b praktick\u00e9, proto\u017ee kdy\u017e budete m\u00edt modern\u00ed kuchyni, tak to znamen\u00e1, \u017ee tam budou ur\u010dit\u011b n\u011bjak\u00e9 vestav\u011bn\u00e9 sk\u0159\u00edn\u011b anebo tak\u00e9 u\u017e zrovna vestav\u011bn\u00e9 spot\u0159ebi\u010de. Vestav\u011bn\u00e9 sk\u0159\u00edn\u011b v kuchyni znamenaj\u00ed, \u017ee vy tam vlastn\u011b nebudete m\u00edt \u017e\u00e1dn\u00e9 mezery a ani tak\u00e9 nic nebude p\u0159e\u010duhovat. Budete m\u00edt opravdu v\u0161echno p\u0159esn\u011b ud\u011blan\u00e9 na m\u00edru, kdy\u017e t\u0159eba si potom zavol\u00e1te n\u011bjak\u00e9 odborn\u00edky z firmy, kte\u0159\u00ed se zab\u00fdvaj\u00ed modern\u00edmi kuchyn\u011bmi a kuchyn\u011bmi na m\u00edru, tak samoz\u0159ejm\u011b zjist\u00edte, \u017ee oni v\u00e1m v\u0161echno opravdu pe\u010dliv\u011b zm\u011b\u0159\u00ed, aby to v\u0161echno pasovalo. P\u011bkn\u011b jako puzzle, aby to potom nepadalo jako domino. Moje kamar\u00e1dka tak\u00e9 p\u0159em\u00fd\u0161l\u00ed nad t\u00edm, \u017ee se vezme dom\u016f n\u011bjak\u00e9ho n\u00e1vrh\u00e1\u0159e, aby j\u00ed ud\u011blal opravdu kr\u00e1snou modern\u00ed kuchyni, proto\u017ee moje kamar\u00e1dka \u0159\u00edk\u00e1, \u017ee nem\u00e1 v\u016fbec \u017e\u00e1dn\u00fd styl. J\u00e1 si mysl\u00edm, \u017ee ka\u017ed\u00fd \u010dlov\u011bk m\u00e1 sv\u016fj styl, jenom je\u0161t\u011b neobjevil ten sv\u016fj potenci\u00e1l. My chceme s partnerem tak\u00e9 modern\u00ed kuchyni a chceme tam hlavn\u011b vestav\u011bn\u00e9 sk\u0159\u00edn\u011b.                                                                                                                                                                                                                                                                                                                                                                                                   "},{"@context":"https:\/\/schema.org\/","@type":"BreadcrumbList","itemListElement":[{"@type":"ListItem","position":1,"name":"Nov\u00e1 kuchyn\u011b","item":"https:\/\/www.pevac.cz\/nova-kuchyne\/#breadcrumbitem"}]}]