[{"@context":"https:\/\/schema.org\/","@type":"Article","@id":"https:\/\/www.pevac.cz\/politika-vsude-ve-svete\/#Article","mainEntityOfPage":"https:\/\/www.pevac.cz\/politika-vsude-ve-svete\/","headline":"Politika v\u0161ude ve sv\u011bt\u011b","name":"Politika v\u0161ude ve sv\u011bt\u011b","description":"Jak vy hled&Atilde;&shy;te na politiku? Mysl&Atilde;&shy;m t&Atilde;&shy;m t&Aring;&#8482;eba na na&Aring;&iexcl;i &Auml;eskou politiku nebo na slovenskou politiku anebo na celkov&Auml;&#8250; sv&Auml;&#8250;tovou politiku. V&Aring;&iexcl;ichni v&Atilde;&shy;me, &Aring;&frac34;e v posledn&Atilde;&shy; dob&Auml;&#8250; to na Slovensku jenom v&Aring;&#8482;e. Jsou to volby a v&Aring;&iexcl;echno kolem nich. A j&Atilde;&iexcl; si mysl&Atilde;&shy;m, &Aring;&frac34;e je opravdu zbyte&Auml;n&Atilde;&copy; se h&Atilde;&iexcl;dat kv&Aring;&macr;li volb&Atilde;&iexcl;m a kv&Aring;&macr;li politice. Je [&hellip;]","datePublished":"2022-11-18","dateModified":"2023-10-23","author":{"@type":"Person","@id":"https:\/\/www.pevac.cz\/author\/devene\/#Person","name":"devene","url":"https:\/\/www.pevac.cz\/author\/devene\/","identifier":1,"image":{"@type":"ImageObject","@id":"https:\/\/secure.gravatar.com\/avatar\/7b822bed19dfbc78d1cf42b3649cc2489d12c54b7aef64ae719c01ed9f13d563?s=96&d=mm&r=g","url":"https:\/\/secure.gravatar.com\/avatar\/7b822bed19dfbc78d1cf42b3649cc2489d12c54b7aef64ae719c01ed9f13d563?s=96&d=mm&r=g","height":96,"width":96}},"publisher":{"@type":"Organization","name":"pevac.cz","logo":{"@type":"ImageObject","@id":"\/logo.png","url":"\/logo.png","width":600,"height":60}},"image":{"@type":"ImageObject","@id":"https:\/\/www.pevac.cz\/wp-content\/uploads\/usa-1561757_1280.jpg","url":"https:\/\/www.pevac.cz\/wp-content\/uploads\/usa-1561757_1280.jpg","height":0,"width":0},"url":"https:\/\/www.pevac.cz\/politika-vsude-ve-svete\/","about":["Politika"],"wordCount":812,"articleBody":"Jak vy hled&Atilde;&shy;te na politiku? Mysl&Atilde;&shy;m t&Atilde;&shy;m t&Aring;&#8482;eba na na&Aring;&iexcl;i &Auml;eskou politiku nebo na slovenskou politiku anebo na celkov&Auml;&#8250; sv&Auml;&#8250;tovou politiku. V&Aring;&iexcl;ichni v&Atilde;&shy;me, &Aring;&frac34;e v posledn&Atilde;&shy; dob&Auml;&#8250; to na Slovensku jenom v&Aring;&#8482;e. Jsou to volby a v&Aring;&iexcl;echno kolem nich. A j&Atilde;&iexcl; si mysl&Atilde;&shy;m, &Aring;&frac34;e je opravdu zbyte&Auml;n&Atilde;&copy; se h&Atilde;&iexcl;dat kv&Aring;&macr;li volb&Atilde;&iexcl;m a kv&Aring;&macr;li politice. Je toti&Aring;&frac34; opravdu hodn&Auml;&#8250; lid&Atilde;&shy;, kte&Aring;&#8482;&Atilde;&shy; st&Atilde;&iexcl;le nemohou zkousnout r&Aring;&macr;zn&Atilde;&copy; n&Atilde;&iexcl;zory a n&Atilde;&iexcl;vrhy politick&Atilde;&frac12;ch stran, a to nejenom politick&Atilde;&frac12;ch stran na Slovensku nebo v &Auml;&#338;esk&Atilde;&copy; republice, ale &Atilde;&ordm;pln&Auml;&#8250; celkov&Auml;&#8250; ve sv&Auml;&#8250;t&Auml;&#8250;. A opravdu nech&Atilde;&iexcl;pu, pro&Auml; to takhle mus&Atilde;&shy; b&Atilde;&frac12;t, proto&Aring;&frac34;e kdyby se t&Aring;&#8482;eba lid&Atilde;&copy; v&Aring;&macr;bec neh&Atilde;&iexcl;dali, tak by to bylo v&Aring;&iexcl;echno samoz&Aring;&#8482;ejm&Auml;&#8250; jednodu&Aring;&iexcl;&Aring;&iexcl;&Atilde;&shy;. Tohle je &Atilde;&ordm;pln&Auml;&#8250; logick&Atilde;&copy; a j&Atilde;&iexcl; si mysl&Atilde;&shy;m, &Aring;&frac34;e kdyby lid&Atilde;&copy; byli klidn&Auml;&#8250;j&Aring;&iexcl;&Atilde;&shy; a sp&Atilde;&shy;&Aring;&iexcl;e by t&Atilde;&iexcl;hli za jeden provaz, &Aring;&frac34;e by v&Aring;&iexcl;echno na sv&Auml;&#8250;t&Auml;&#8250;, a to v&Auml;etn&Auml;&#8250; politiky, tak by to v&Aring;&iexcl;echno bylo takov&Atilde;&frac12; lep&Aring;&iexcl;&Atilde;&shy; a nebylo by to tak v&Aring;&iexcl;echno slo&Aring;&frac34;it&Atilde;&copy;. V&Aring;&frac34;dy&Aring;&yen; u&Aring;&frac34; kdy&Aring;&frac34; to tak vezmete, tak v&Aring;&iexcl;ichni se jenom dokola h&Atilde;&iexcl;daj&Atilde;&shy;. Ale pro&Auml;? Pro&Auml; se v&Aring;&iexcl;ichni mus&Atilde;&shy; h&Atilde;&iexcl;dat kv&Aring;&macr;li politice? A t&Aring;&#8482;eba nech&Atilde;&iexcl;pu, kdy&Aring;&frac34; t&Aring;&#8482;eba sed&Atilde;&shy;m n&Auml;&#8250;kde v restauraci anebo v baru a sly&Aring;&iexcl;&Atilde;&shy;m tam r&Aring;&macr;zn&Atilde;&copy; lidi anebo dokonce i rodiny, jak se h&Atilde;&iexcl;daj&Atilde;&shy; mezi sebou? Jenom kv&Aring;&macr;li politice a pro&Auml;? J&Atilde;&iexcl; si mysl&Atilde;&shy;m, &Aring;&frac34;e je to &Atilde;&ordm;pln&Auml;&#8250; zbyte&Auml;n&Atilde;&copy;. Pro&Auml; by se m&Auml;&#8250;li dv&Auml;&#8250; rodiny rozh&Atilde;&iexcl;dat jenom kv&Aring;&macr;li politice, a to nemluv&Atilde;&shy;m ve &Aring;&iexcl;kole. Kolikr&Atilde;&iexcl;t na st&Aring;&#8482;edn&Atilde;&shy; &Aring;&iexcl;kole sly&Aring;&iexcl;&Atilde;&shy;m, jak se t&Aring;&#8482;eba t&Aring;&#8482;et&Atilde;&shy; ro&Auml;n&Atilde;&shy;k se &Auml;tvrt&Atilde;&frac12;m ro&Auml;n&Atilde;&shy;kem h&Atilde;&iexcl;daj&Atilde;&shy; kv&Aring;&macr;li politice. Podle m&Atilde;&copy;ho n&Atilde;&iexcl;zoru je tohle je &Atilde;&ordm;pln&Atilde;&iexcl; blbost. J&Atilde;&iexcl; si mysl&Atilde;&shy;m, &Aring;&frac34;e politika by nem&Auml;&#8250;la b&Atilde;&frac12;t takov&Atilde;&copy; t&Atilde;&copy;ma, kter&Atilde;&copy; by bylo t&Aring;&#8482;eba na rande anebo do &Aring;&iexcl;koly nebo do pr&Atilde;&iexcl;ce. J&Atilde;&iexcl; si mysl&Atilde;&shy;m, &Aring;&frac34;e kdy&Aring;&frac34; si ud&Auml;&#8250;l&Atilde;&iexcl;te &Aring;&iexcl;patn&Atilde;&copy; vztahy v zam&Auml;&#8250;stn&Atilde;&iexcl;n&Atilde;&shy;, a to kv&Aring;&macr;li politice, &Aring;&frac34;e se to s ka&Aring;&frac34;d&Atilde;&frac12;m pot&Atilde;&iexcl;hne opravdu velice dlouho, n&Auml;&#8250;kdy mo&Aring;&frac34;n&Atilde;&iexcl; a&Aring;&frac34; do t&Atilde;&copy; doby, dokud prost&Auml;&#8250; ten &Auml;lov&Auml;&#8250;k z toho zam&Auml;&#8250;stn&Atilde;&iexcl;n&Atilde;&shy; neodejde. J&Atilde;&iexcl; s t&Atilde;&shy;m na&Aring;&iexcl;t&Auml;&#8250;st&Atilde;&shy; osobn&Atilde;&shy; zku&Aring;&iexcl;enost nem&Atilde;&iexcl;m, ale zn&Atilde;&iexcl;m n&Auml;&#8250;kolik lid&Atilde;&shy;, kte&Aring;&#8482;&Atilde;&shy; pr&Atilde;&iexcl;v&Auml;&#8250; ode&Aring;&iexcl;li ze zam&Auml;&#8250;stn&Atilde;&iexcl;n&Atilde;&shy;, jenom kv&Aring;&macr;li tomu, &Aring;&frac34;e se tam v&Aring;&iexcl;ichni h&Atilde;&iexcl;dali jenom kv&Aring;&macr;li politice.&Acirc;&nbsp;                                                                                                                                                                                                                                                                                                                                                                                                "},{"@context":"https:\/\/schema.org\/","@type":"BreadcrumbList","itemListElement":[{"@type":"ListItem","position":1,"name":"Politika v\u0161ude ve sv\u011bt\u011b","item":"https:\/\/www.pevac.cz\/politika-vsude-ve-svete\/#breadcrumbitem"}]}]