[{"@context":"https:\/\/schema.org\/","@type":"Article","@id":"https:\/\/www.pevac.cz\/skvele-se-v-nem-spi\/#Article","mainEntityOfPage":"https:\/\/www.pevac.cz\/skvele-se-v-nem-spi\/","headline":"Skv\u011ble se v n\u011bm sp\u00ed","name":"Skv\u011ble se v n\u011bm sp\u00ed","description":"Jestli m\u00e1te lo\u017enici sn\u016f a nechyb\u00ed v n\u00ed nic, co v\u00e1m pr\u00e1v\u011b p\u0159\u00edjemn\u00e9 sn\u011bn\u00ed dop\u0159eje, tak m\u00e1te zaru\u010den\u011b modern\u00ed postel s kvalitn\u00ed matrac\u00ed. A ur\u010dit\u011b si lebed\u00edte pod p\u0159ikr\u00fdvkou z dut\u00e9ho vl\u00e1kna a nenech\u00e1te se zavalit starou duchnou po babi\u010dce. Pokud si chcete dop\u0159\u00e1vat komfort ka\u017edi\u010dkou noc, tak byste ani na lo\u017en\u00edm pr\u00e1dle \u0161et\u0159it nem\u011bli. [&hellip;]","datePublished":"2023-08-06","dateModified":"2023-08-06","author":{"@type":"Person","@id":"https:\/\/www.pevac.cz\/author\/devene\/#Person","name":"devene","url":"https:\/\/www.pevac.cz\/author\/devene\/","identifier":1,"image":{"@type":"ImageObject","@id":"https:\/\/secure.gravatar.com\/avatar\/7b822bed19dfbc78d1cf42b3649cc2489d12c54b7aef64ae719c01ed9f13d563?s=96&d=mm&r=g","url":"https:\/\/secure.gravatar.com\/avatar\/7b822bed19dfbc78d1cf42b3649cc2489d12c54b7aef64ae719c01ed9f13d563?s=96&d=mm&r=g","height":96,"width":96}},"publisher":{"@type":"Organization","name":"pevac.cz","logo":{"@type":"ImageObject","@id":"\/logo.png","url":"\/logo.png","width":600,"height":60}},"url":"https:\/\/www.pevac.cz\/skvele-se-v-nem-spi\/","wordCount":260,"articleBody":"Jestli m\u00e1te lo\u017enici sn\u016f a nechyb\u00ed v n\u00ed nic, co v\u00e1m pr\u00e1v\u011b p\u0159\u00edjemn\u00e9 sn\u011bn\u00ed dop\u0159eje, tak m\u00e1te zaru\u010den\u011b modern\u00ed postel s kvalitn\u00ed matrac\u00ed. A ur\u010dit\u011b si lebed\u00edte pod p\u0159ikr\u00fdvkou z dut\u00e9ho vl\u00e1kna a nenech\u00e1te se zavalit starou duchnou po babi\u010dce. Pokud si chcete dop\u0159\u00e1vat komfort ka\u017edi\u010dkou noc, tak byste ani na lo\u017en\u00edm pr\u00e1dle \u0161et\u0159it nem\u011bli. Naprosto dokonale se o v\u00e1s postar\u00e1 stoprocentn\u00ed bavlna, kter\u00e1 je t\u00edm nejlep\u0161\u00edm poslem p\u0159\u00edrody. V\u0161echny jej\u00ed skv\u011bl\u00e9 vlastnosti m\u016f\u017eete velmi snadno poznat na vlastn\u00ed k\u016f\u017ei. Po\u0159i\u010fte si kvalitn\u00ed krepov\u00e9 povle\u010den\u00ed a lep\u0161\u00ed pohodu jste je\u0161t\u011b neza\u017eili.Vyrobeno v N\u00e1chod\u011bLo\u017en\u00ed pr\u00e1dlo v modern\u00edm proveden\u00ed to je nab\u00eddka firmy Darr\u00e9 N\u00e1chod, \u010desk\u00e9ho v\u00fdrobce a prodejce nejen rozmant\u00fdch l\u016f\u017ekovin. Solidnost, ochota a kvalita. Tak je mo\u017en\u00e9 stru\u010dn\u011b charakterizovat slu\u017eby, kter\u00e9 p\u0159isp\u00edvaj\u00ed ke spokojenosti v\u0161ech z\u00e1kazn\u00edk\u016f. Snahou je dod\u00e1vat na trh jen to nejlep\u0161\u00ed. \u017d\u00e1dn\u00fd levn\u00fd dovoz ale \u010desk\u00e1 v\u00fdroba, kter\u00e1 spolu s materi\u00e1lem od v\u00fdrobc\u016f z Evropsk\u00e9 unie p\u0159in\u00e1\u0161\u00ed skute\u010dnou kvalitu do va\u0161ich lo\u017enic. V nab\u00eddce si na sv\u00e9 p\u0159ijdou opravdu v\u0161ichni. Z\u00e1le\u017e\u00ed jen na va\u0161ich p\u0159edstav\u00e1ch a pot\u0159eb\u00e1ch. Pokud vsad\u00edte na krepov\u00e9 povle\u010den\u00ed, tak z jeho slu\u017eeb budete doslova uneseni.                                                                                                                                                                                                                                                                                                                                                                                                "},{"@context":"https:\/\/schema.org\/","@type":"BreadcrumbList","itemListElement":[{"@type":"ListItem","position":1,"name":"Skv\u011ble se v n\u011bm sp\u00ed","item":"https:\/\/www.pevac.cz\/skvele-se-v-nem-spi\/#breadcrumbitem"}]}]