[{"@context":"https:\/\/schema.org\/","@type":"Article","@id":"https:\/\/www.pevac.cz\/svatba-nemusi-stat-majlant\/#Article","mainEntityOfPage":"https:\/\/www.pevac.cz\/svatba-nemusi-stat-majlant\/","headline":"Svatba nemus\u00ed st\u00e1t majlant","name":"Svatba nemus\u00ed st\u00e1t majlant","description":"U\u017e jste n\u011bkdy byli na svatb\u011b, kter\u00e1 by se konala v zim\u011b? Pokud ano, pak to sp\u00ed\u0161e byla ur\u010dit\u00e1 nutnost, ne\u017e svobodn\u00e9 rozhodnut\u00ed. L\u00e1ska a slun\u00ed\u010dko, to se prost\u011b r\u00fdmuje. Nicm\u00e9n\u011b v posledn\u00ed dob\u011b lid\u00e9 \u010dasto necht\u011bj\u00ed do svatby investovat pen\u00edze. Nen\u00ed to ov\u0161em \u0161koda? Svatba by m\u011bla b\u00fdt nejkr\u00e1sn\u011bj\u0161\u00ed den Va\u0161eho \u017eivota. Venkovn\u00ed svatba [&hellip;]","datePublished":"2025-08-31","dateModified":"2025-08-31","author":{"@type":"Person","@id":"https:\/\/www.pevac.cz\/author\/devene\/#Person","name":"devene","url":"https:\/\/www.pevac.cz\/author\/devene\/","identifier":1,"image":{"@type":"ImageObject","@id":"https:\/\/secure.gravatar.com\/avatar\/7b822bed19dfbc78d1cf42b3649cc2489d12c54b7aef64ae719c01ed9f13d563?s=96&d=mm&r=g","url":"https:\/\/secure.gravatar.com\/avatar\/7b822bed19dfbc78d1cf42b3649cc2489d12c54b7aef64ae719c01ed9f13d563?s=96&d=mm&r=g","height":96,"width":96}},"publisher":{"@type":"Organization","name":"pevac.cz","logo":{"@type":"ImageObject","@id":"\/logo.png","url":"\/logo.png","width":600,"height":60}},"url":"https:\/\/www.pevac.cz\/svatba-nemusi-stat-majlant\/","wordCount":169,"articleBody":"U\u017e jste n\u011bkdy byli na svatb\u011b, kter\u00e1 by se konala v zim\u011b? Pokud ano, pak to sp\u00ed\u0161e byla ur\u010dit\u00e1 nutnost, ne\u017e svobodn\u00e9 rozhodnut\u00ed. L\u00e1ska a slun\u00ed\u010dko, to se prost\u011b r\u00fdmuje. Nicm\u00e9n\u011b v posledn\u00ed dob\u011b lid\u00e9 \u010dasto necht\u011bj\u00ed do svatby investovat pen\u00edze. Nen\u00ed to ov\u0161em \u0161koda? Svatba by m\u011bla b\u00fdt nejkr\u00e1sn\u011bj\u0161\u00ed den Va\u0161eho \u017eivota. Venkovn\u00ed svatba jako z\u00e1\u017eitek Svatba toti\u017e vyjde velmi draze. Ov\u0161em nemus\u00ed to tak nutn\u011b b\u00fdt. V americk\u00fdch filmech i velmi bohat\u00ed lid\u00e9 maj\u00ed svatby na zahrad\u011b. Pro\u010d byste to tak\u00e9 nezkusili? V\u017edy\u0165 pro\u010d utr\u00e1cet za drahou restauraci, kdy\u017e to jde podstatn\u011b levn\u011bji. P\u0159\u00edst\u0159e\u0161ek pro v\u0161echny p\u0159\u00edpady D\u00edky n\u016f\u017ekov\u00fdm stan\u016fm si zajist\u00edte pot\u0159ebn\u00fd p\u0159\u00edst\u0159e\u0161ek, kter\u00fd V\u00e1s ochr\u00e1n\u00ed p\u0159ed slun\u00ed\u010dkem nebo kapkami de\u0161t\u011b. I Vy m\u016f\u017eete na svou svatbu vzpom\u00ednat s radost\u00ed a vd\u011b\u010dnost\u00ed.                                                                                                                                                                                                                                                                                                                                                                                                "},{"@context":"https:\/\/schema.org\/","@type":"BreadcrumbList","itemListElement":[{"@type":"ListItem","position":1,"name":"Svatba nemus\u00ed st\u00e1t majlant","item":"https:\/\/www.pevac.cz\/svatba-nemusi-stat-majlant\/#breadcrumbitem"}]}]